{"id":1473,"date":"2021-11-29T14:02:09","date_gmt":"2021-11-29T17:02:09","guid":{"rendered":"https:\/\/portal.conectamais.com.br\/?p=1473"},"modified":"2021-11-29T14:02:10","modified_gmt":"2021-11-29T17:02:10","slug":"11a-trilha-de-motos-e-quadriciclos-de-protasio-alves-rs","status":"publish","type":"post","link":"https:\/\/portal.conectamais.com.br\/index.php\/2021\/11\/29\/11a-trilha-de-motos-e-quadriciclos-de-protasio-alves-rs\/","title":{"rendered":"11\u00aa Trilha de Motos e Quadriciclos de Prot\u00e1sio Alves &#8211; RS"},"content":{"rendered":"\n<p>A 11\u00aa Trilha de Motos e Quadriciclos est\u00e1 sendo um sucesso. Mais de 300 inscritos para percorrer 70 quil\u00f4metros pelo interior do munic\u00edpio de <a href=\"https:\/\/www.facebook.com\/ProtasioAlvesOficial\">Prot\u00e1sio Alves<\/a>, com sa\u00edda e retorno no Parque de Eventos. O presidente do Forasteiros Moto Grupo, Luan Augusto Stella Zanin, agradece aos integrantes do grupo, ao Munic\u00edpio e C\u00e2mara de Vereadores de Prot\u00e1sio Alves, \u00e0 Sicredi pelo apoio e a todos que participam do evento. O prefeito Itamar Girardi, que acompanhou o in\u00edcio e parte do trajeto da trilha, parabeniza o Forasteiros Moto Grupo pelo evento, agradece aos participantes e lembra que durante o m\u00eas de dezembro ocorrem v\u00e1rios eventos alusivos ao Natal e final de ano. <\/p>\n\n\n\n<p><\/p>\n\n\n\n<p>Fotos: <a href=\"https:\/\/www.facebook.com\/sonia.reginato?__cft__[0]=AZUMBVlWsmlUjHJvjrOrVPM6qcmHCaSudactBlrRa1uGqrYUg-hMIB-tZR1Mst3TvaKJjlcy8rP9K59w2-g7Ms5ruADeuRYHGbodNUGc-HphdtWKlSsWlY2T4Kg-u259Dy_jC4mFKzIpIWLhxwjQr_e3&amp;__tn__=-]K-R\">Sonia Reginato<\/a><\/p>\n\n\n\n<p>Fonte: <a href=\"https:\/\/www.facebook.com\/ProtasioAlvesOficial\">Munic\u00edpio de Prot\u00e1sio Alves<\/a> &#8211; Serra Ga\u00facha.<\/p>\n","protected":false},"excerpt":{"rendered":"<p>A 11\u00aa Trilha de Motos e Quadriciclos est\u00e1 sendo um sucesso. Mais de 300 inscritos para percorrer 70 quil\u00f4metros pelo<\/p>\n","protected":false},"author":2,"featured_media":1474,"comment_status":"open","ping_status":"open","sticky":false,"template":"","format":"standard","meta":{"footnotes":""},"categories":[15,27],"tags":[],"class_list":["post-1473","post","type-post","status-publish","format-standard","has-post-thumbnail","hentry","category-esportes","category-regiao"],"yoast_head":"<!-- This site is optimized with the Yoast SEO plugin v17.2.1 - https:\/\/yoast.com\/wordpress\/plugins\/seo\/ -->\n<title>11\u00aa Trilha de Motos e Quadriciclos de Prot\u00e1sio Alves - RS - Conecta Mais TV<\/title>\n<meta name=\"robots\" content=\"index, follow, max-snippet:-1, max-image-preview:large, max-video-preview:-1\" \/>\n<link rel=\"canonical\" href=\"https:\/\/portal.conectamais.com.br\/index.php\/2021\/11\/29\/11a-trilha-de-motos-e-quadriciclos-de-protasio-alves-rs\/\" \/>\n<meta property=\"og:locale\" content=\"pt_BR\" \/>\n<meta property=\"og:type\" content=\"article\" \/>\n<meta property=\"og:title\" content=\"11\u00aa Trilha de Motos e Quadriciclos de Prot\u00e1sio Alves - RS - Conecta Mais TV\" \/>\n<meta property=\"og:description\" content=\"A 11\u00aa Trilha de Motos e Quadriciclos est\u00e1 sendo um sucesso. Mais de 300 inscritos para percorrer 70 quil\u00f4metros pelo\" \/>\n<meta property=\"og:url\" content=\"https:\/\/portal.conectamais.com.br\/index.php\/2021\/11\/29\/11a-trilha-de-motos-e-quadriciclos-de-protasio-alves-rs\/\" \/>\n<meta property=\"og:site_name\" content=\"Conecta Mais TV\" \/>\n<meta property=\"article:published_time\" content=\"2021-11-29T17:02:09+00:00\" \/>\n<meta property=\"article:modified_time\" content=\"2021-11-29T17:02:10+00:00\" \/>\n<meta property=\"og:image\" content=\"https:\/\/portal.conectamais.com.br\/wp-content\/uploads\/2021\/11\/PROTASIO-TRILHA.jpg\" \/>\n\t<meta property=\"og:image:width\" content=\"2016\" \/>\n\t<meta property=\"og:image:height\" content=\"1512\" \/>\n<meta name=\"twitter:card\" content=\"summary_large_image\" \/>\n<meta name=\"twitter:label1\" content=\"Escrito por\" \/>\n\t<meta name=\"twitter:data1\" content=\"Eduarda Prigol\" \/>\n\t<meta name=\"twitter:label2\" content=\"Est. tempo de leitura\" \/>\n\t<meta name=\"twitter:data2\" content=\"1 minuto\" \/>\n<script type=\"application\/ld+json\" class=\"yoast-schema-graph\">{\"@context\":\"https:\/\/schema.org\",\"@graph\":[{\"@type\":\"WebSite\",\"@id\":\"https:\/\/portal.conectamais.com.br\/#website\",\"url\":\"https:\/\/portal.conectamais.com.br\/\",\"name\":\"Conecta Mais TV\",\"description\":\"A TV que \\u00e9 muito nossa!\",\"potentialAction\":[{\"@type\":\"SearchAction\",\"target\":{\"@type\":\"EntryPoint\",\"urlTemplate\":\"https:\/\/portal.conectamais.com.br\/?s={search_term_string}\"},\"query-input\":\"required name=search_term_string\"}],\"inLanguage\":\"pt-BR\"},{\"@type\":\"ImageObject\",\"@id\":\"https:\/\/portal.conectamais.com.br\/index.php\/2021\/11\/29\/11a-trilha-de-motos-e-quadriciclos-de-protasio-alves-rs\/#primaryimage\",\"inLanguage\":\"pt-BR\",\"url\":\"https:\/\/portal.conectamais.com.br\/wp-content\/uploads\/2021\/11\/PROTASIO-TRILHA.jpg\",\"contentUrl\":\"https:\/\/portal.conectamais.com.br\/wp-content\/uploads\/2021\/11\/PROTASIO-TRILHA.jpg\",\"width\":2016,\"height\":1512,\"caption\":\"Foto: Sonia Reginato\"},{\"@type\":\"WebPage\",\"@id\":\"https:\/\/portal.conectamais.com.br\/index.php\/2021\/11\/29\/11a-trilha-de-motos-e-quadriciclos-de-protasio-alves-rs\/#webpage\",\"url\":\"https:\/\/portal.conectamais.com.br\/index.php\/2021\/11\/29\/11a-trilha-de-motos-e-quadriciclos-de-protasio-alves-rs\/\",\"name\":\"11\\u00aa Trilha de Motos e Quadriciclos de Prot\\u00e1sio Alves - RS - Conecta Mais TV\",\"isPartOf\":{\"@id\":\"https:\/\/portal.conectamais.com.br\/#website\"},\"primaryImageOfPage\":{\"@id\":\"https:\/\/portal.conectamais.com.br\/index.php\/2021\/11\/29\/11a-trilha-de-motos-e-quadriciclos-de-protasio-alves-rs\/#primaryimage\"},\"datePublished\":\"2021-11-29T17:02:09+00:00\",\"dateModified\":\"2021-11-29T17:02:10+00:00\",\"author\":{\"@id\":\"https:\/\/portal.conectamais.com.br\/#\/schema\/person\/257bd3bfb8e0c5f0506b89112f13e47f\"},\"breadcrumb\":{\"@id\":\"https:\/\/portal.conectamais.com.br\/index.php\/2021\/11\/29\/11a-trilha-de-motos-e-quadriciclos-de-protasio-alves-rs\/#breadcrumb\"},\"inLanguage\":\"pt-BR\",\"potentialAction\":[{\"@type\":\"ReadAction\",\"target\":[\"https:\/\/portal.conectamais.com.br\/index.php\/2021\/11\/29\/11a-trilha-de-motos-e-quadriciclos-de-protasio-alves-rs\/\"]}]},{\"@type\":\"BreadcrumbList\",\"@id\":\"https:\/\/portal.conectamais.com.br\/index.php\/2021\/11\/29\/11a-trilha-de-motos-e-quadriciclos-de-protasio-alves-rs\/#breadcrumb\",\"itemListElement\":[{\"@type\":\"ListItem\",\"position\":1,\"name\":\"In\\u00edcio\",\"item\":\"https:\/\/portal.conectamais.com.br\/\"},{\"@type\":\"ListItem\",\"position\":2,\"name\":\"11\\u00aa Trilha de Motos e Quadriciclos de Prot\\u00e1sio Alves &#8211; RS\"}]},{\"@type\":\"Person\",\"@id\":\"https:\/\/portal.conectamais.com.br\/#\/schema\/person\/257bd3bfb8e0c5f0506b89112f13e47f\",\"name\":\"Eduarda Prigol\",\"image\":{\"@type\":\"ImageObject\",\"@id\":\"https:\/\/portal.conectamais.com.br\/#personlogo\",\"inLanguage\":\"pt-BR\",\"url\":\"https:\/\/secure.gravatar.com\/avatar\/1463f64f0c30de9cec563bad8d9c16b666276caad1070c40493fd37653866d9f?s=96&d=mm&r=g\",\"contentUrl\":\"https:\/\/secure.gravatar.com\/avatar\/1463f64f0c30de9cec563bad8d9c16b666276caad1070c40493fd37653866d9f?s=96&d=mm&r=g\",\"caption\":\"Eduarda Prigol\"},\"url\":\"https:\/\/portal.conectamais.com.br\/index.php\/author\/eduardaprigol\/\"}]}<\/script>\n<!-- \/ Yoast SEO plugin. -->","yoast_head_json":{"title":"11\u00aa Trilha de Motos e Quadriciclos de Prot\u00e1sio Alves - RS - Conecta Mais TV","robots":{"index":"index","follow":"follow","max-snippet":"max-snippet:-1","max-image-preview":"max-image-preview:large","max-video-preview":"max-video-preview:-1"},"canonical":"https:\/\/portal.conectamais.com.br\/index.php\/2021\/11\/29\/11a-trilha-de-motos-e-quadriciclos-de-protasio-alves-rs\/","og_locale":"pt_BR","og_type":"article","og_title":"11\u00aa Trilha de Motos e Quadriciclos de Prot\u00e1sio Alves - RS - Conecta Mais TV","og_description":"A 11\u00aa Trilha de Motos e Quadriciclos est\u00e1 sendo um sucesso. Mais de 300 inscritos para percorrer 70 quil\u00f4metros pelo","og_url":"https:\/\/portal.conectamais.com.br\/index.php\/2021\/11\/29\/11a-trilha-de-motos-e-quadriciclos-de-protasio-alves-rs\/","og_site_name":"Conecta Mais TV","article_published_time":"2021-11-29T17:02:09+00:00","article_modified_time":"2021-11-29T17:02:10+00:00","og_image":[{"width":2016,"height":1512,"url":"https:\/\/portal.conectamais.com.br\/wp-content\/uploads\/2021\/11\/PROTASIO-TRILHA.jpg","path":"\/home\/conectamaiscom\/public_html\/portal\/wp-content\/uploads\/2021\/11\/PROTASIO-TRILHA.jpg","size":"full","id":1474,"alt":"Foto: Sonia Reginato","pixels":3048192,"type":"image\/jpeg"}],"twitter_card":"summary_large_image","twitter_misc":{"Escrito por":"Eduarda Prigol","Est. tempo de leitura":"1 minuto"},"schema":{"@context":"https:\/\/schema.org","@graph":[{"@type":"WebSite","@id":"https:\/\/portal.conectamais.com.br\/#website","url":"https:\/\/portal.conectamais.com.br\/","name":"Conecta Mais TV","description":"A TV que \u00e9 muito nossa!","potentialAction":[{"@type":"SearchAction","target":{"@type":"EntryPoint","urlTemplate":"https:\/\/portal.conectamais.com.br\/?s={search_term_string}"},"query-input":"required name=search_term_string"}],"inLanguage":"pt-BR"},{"@type":"ImageObject","@id":"https:\/\/portal.conectamais.com.br\/index.php\/2021\/11\/29\/11a-trilha-de-motos-e-quadriciclos-de-protasio-alves-rs\/#primaryimage","inLanguage":"pt-BR","url":"https:\/\/portal.conectamais.com.br\/wp-content\/uploads\/2021\/11\/PROTASIO-TRILHA.jpg","contentUrl":"https:\/\/portal.conectamais.com.br\/wp-content\/uploads\/2021\/11\/PROTASIO-TRILHA.jpg","width":2016,"height":1512,"caption":"Foto: Sonia Reginato"},{"@type":"WebPage","@id":"https:\/\/portal.conectamais.com.br\/index.php\/2021\/11\/29\/11a-trilha-de-motos-e-quadriciclos-de-protasio-alves-rs\/#webpage","url":"https:\/\/portal.conectamais.com.br\/index.php\/2021\/11\/29\/11a-trilha-de-motos-e-quadriciclos-de-protasio-alves-rs\/","name":"11\u00aa Trilha de Motos e Quadriciclos de Prot\u00e1sio Alves - RS - Conecta Mais TV","isPartOf":{"@id":"https:\/\/portal.conectamais.com.br\/#website"},"primaryImageOfPage":{"@id":"https:\/\/portal.conectamais.com.br\/index.php\/2021\/11\/29\/11a-trilha-de-motos-e-quadriciclos-de-protasio-alves-rs\/#primaryimage"},"datePublished":"2021-11-29T17:02:09+00:00","dateModified":"2021-11-29T17:02:10+00:00","author":{"@id":"https:\/\/portal.conectamais.com.br\/#\/schema\/person\/257bd3bfb8e0c5f0506b89112f13e47f"},"breadcrumb":{"@id":"https:\/\/portal.conectamais.com.br\/index.php\/2021\/11\/29\/11a-trilha-de-motos-e-quadriciclos-de-protasio-alves-rs\/#breadcrumb"},"inLanguage":"pt-BR","potentialAction":[{"@type":"ReadAction","target":["https:\/\/portal.conectamais.com.br\/index.php\/2021\/11\/29\/11a-trilha-de-motos-e-quadriciclos-de-protasio-alves-rs\/"]}]},{"@type":"BreadcrumbList","@id":"https:\/\/portal.conectamais.com.br\/index.php\/2021\/11\/29\/11a-trilha-de-motos-e-quadriciclos-de-protasio-alves-rs\/#breadcrumb","itemListElement":[{"@type":"ListItem","position":1,"name":"In\u00edcio","item":"https:\/\/portal.conectamais.com.br\/"},{"@type":"ListItem","position":2,"name":"11\u00aa Trilha de Motos e Quadriciclos de Prot\u00e1sio Alves &#8211; RS"}]},{"@type":"Person","@id":"https:\/\/portal.conectamais.com.br\/#\/schema\/person\/257bd3bfb8e0c5f0506b89112f13e47f","name":"Eduarda Prigol","image":{"@type":"ImageObject","@id":"https:\/\/portal.conectamais.com.br\/#personlogo","inLanguage":"pt-BR","url":"https:\/\/secure.gravatar.com\/avatar\/1463f64f0c30de9cec563bad8d9c16b666276caad1070c40493fd37653866d9f?s=96&d=mm&r=g","contentUrl":"https:\/\/secure.gravatar.com\/avatar\/1463f64f0c30de9cec563bad8d9c16b666276caad1070c40493fd37653866d9f?s=96&d=mm&r=g","caption":"Eduarda Prigol"},"url":"https:\/\/portal.conectamais.com.br\/index.php\/author\/eduardaprigol\/"}]}},"_links":{"self":[{"href":"https:\/\/portal.conectamais.com.br\/index.php\/wp-json\/wp\/v2\/posts\/1473","targetHints":{"allow":["GET"]}}],"collection":[{"href":"https:\/\/portal.conectamais.com.br\/index.php\/wp-json\/wp\/v2\/posts"}],"about":[{"href":"https:\/\/portal.conectamais.com.br\/index.php\/wp-json\/wp\/v2\/types\/post"}],"author":[{"embeddable":true,"href":"https:\/\/portal.conectamais.com.br\/index.php\/wp-json\/wp\/v2\/users\/2"}],"replies":[{"embeddable":true,"href":"https:\/\/portal.conectamais.com.br\/index.php\/wp-json\/wp\/v2\/comments?post=1473"}],"version-history":[{"count":2,"href":"https:\/\/portal.conectamais.com.br\/index.php\/wp-json\/wp\/v2\/posts\/1473\/revisions"}],"predecessor-version":[{"id":1476,"href":"https:\/\/portal.conectamais.com.br\/index.php\/wp-json\/wp\/v2\/posts\/1473\/revisions\/1476"}],"wp:featuredmedia":[{"embeddable":true,"href":"https:\/\/portal.conectamais.com.br\/index.php\/wp-json\/wp\/v2\/media\/1474"}],"wp:attachment":[{"href":"https:\/\/portal.conectamais.com.br\/index.php\/wp-json\/wp\/v2\/media?parent=1473"}],"wp:term":[{"taxonomy":"category","embeddable":true,"href":"https:\/\/portal.conectamais.com.br\/index.php\/wp-json\/wp\/v2\/categories?post=1473"},{"taxonomy":"post_tag","embeddable":true,"href":"https:\/\/portal.conectamais.com.br\/index.php\/wp-json\/wp\/v2\/tags?post=1473"}],"curies":[{"name":"wp","href":"https:\/\/api.w.org\/{rel}","templated":true}]}}